{"id":179,"date":"2017-04-18T13:09:37","date_gmt":"2017-04-18T11:09:37","guid":{"rendered":"http:\/\/auvergne-musicotherapie.fr\/?p=179"},"modified":"2017-09-14T18:52:33","modified_gmt":"2017-09-14T16:52:33","slug":"rencontre-conference-quest-ce-que-la-musicotherapie","status":"publish","type":"post","link":"https:\/\/auvergne-musicotherapie.fr\/index.php\/2017\/04\/18\/rencontre-conference-quest-ce-que-la-musicotherapie\/","title":{"rendered":"RENCONTRE -CONF\u00c9RENCE Qu&rsquo;est-ce que la musicoth\u00e9rapie?"},"content":{"rendered":"<h3 style=\"text-align: center;\"><strong><span style=\"color: #000000;\">RENCONTRE-CONFERENCE<\/span><\/strong><\/h3>\n<h6 style=\"text-align: center;\"><\/h6>\n<p style=\"text-align: center;\"><span style=\"color: #000080;\"><strong><em>Qu&rsquo;est-ce que la musicoth\u00e9rapie? <span class=\"event-description\">Pr\u00e9sentation des m\u00e9thodes et applications. <\/span><span class=\"event-description\">Petite initiation pratique et \u00e9changes.<\/span><\/em><\/strong><\/span><\/p>\n<p style=\"text-align: center;\"><strong><span style=\"color: #000080;\">mardi 6 juin \u00e0 20h30-22h30<\/span><\/strong><\/p>\n<hr \/>\n<p align=\"center\"><span style=\"color: #000000;\">Rencontre sur la musicoth\u00e9rapie au Caf\u00e9 des Augustes<\/span><\/p>\n<p align=\"justify\"><span style=\"color: #000000;\">Une vingtaine de personnes s&rsquo;installent un verre ou une tasse \u00e0 la main dans les canap\u00e9s confortables du Caf\u00e9 des Augustes \u00e0 Clermont-Ferrand pour participer \u00e0 une br\u00e8ve pr\u00e9sentation de la musicoth\u00e9rapie.<\/span><\/p>\n<p align=\"justify\"><span style=\"color: #000000;\">\u00c9lise raconte cet outil de communication, ce moyen d\u2019expression support aux \u00e9motions, traitant \u00e0 la fois le non-verbal ou pouvant \u00eatre pr\u00e9-texte \u00e0 la verbalisation.<\/span><\/p>\n<p align=\"justify\"><span style=\"color: #000000;\">Puis Christ\u00e8le propose un morceau choisi afin de prendre conscience qu&rsquo;\u00e9couter une musique dans les m\u00eame conditions, au m\u00eame endroit, ne procure pas le m\u00eame v\u00e9cu ni les m\u00eames effets.<\/span><\/p>\n<p align=\"justify\"><span style=\"color: #000000;\">Ensuite Svetlana, accompagn\u00e9e de son violoncelle, \u00e9veille le groupe \u00e0 la musicoth\u00e9rapie active pour vivre la qualit\u00e9 d&rsquo;\u00e9coute, le rythme, la synchronicit\u00e9 et le plaisir.<\/span><\/p>\n<p align=\"justify\"><span style=\"color: #000000;\">Ce fut l&rsquo;occasion d&rsquo;\u00e9changer pendant 2 heures sur la place du Verbal, l&rsquo;importance de la relation, la place du th\u00e9rapeute, sa formation et sa sp\u00e9cificit\u00e9. Grace \u00e0 C\u00e9cile et Marc les questions sur les sp\u00e9cificit\u00e9s avec les personnes souffrants de la maladie d&rsquo;Alzeimer ou en soin palliatifs ont pu trouver r\u00e9ponses.<\/span><\/p>\n<p align=\"justify\"><span style=\"color: #000000;\">Les membres d\u2019Auvergne Musicoth\u00e9rapie ont appr\u00e9ci\u00e9s ce beau moment de partage dans un lieu sympathique et convivial et l\u2019association en a profit\u00e9 pour offrir deux caf\u00e9s aux \u00ab\u00a0consommations suspendues\u00a0\u00bb.\u00a0\u00bb<\/span><\/p>\n<p style=\"text-align: center;\"><strong><span style=\"color: #000080;\">Caf\u00e9 des Augustes, 5 rue sous les Augustins, 63000 Clermont-Ferrand<\/span><\/strong><\/p>\n<p style=\"text-align: center;\"><a href=\"http:\/\/www.cafelesaugustes.fr\/leprogrammedesan.html\"><span style=\"color: #000000;\">http:\/\/www.cafelesaugustes.fr\/leprogrammedesan.html<\/span><\/a><\/p>\n<div id='gallery-1' class='gallery galleryid-179 gallery-columns-3 gallery-size-large'><dl class='gallery-item'>\n\t\t\t<dt class='gallery-icon landscape'>\n\t\t\t\t<img width=\"620\" height=\"465\" src=\"https:\/\/auvergne-musicotherapie.fr\/wp-content\/uploads\/2017\/06\/AuMaugustes-image1-1024x768.jpg\" class=\"attachment-large size-large\" alt=\"\" decoding=\"async\" loading=\"lazy\" srcset=\"https:\/\/auvergne-musicotherapie.fr\/wp-content\/uploads\/2017\/06\/AuMaugustes-image1-1024x768.jpg 1024w, https:\/\/auvergne-musicotherapie.fr\/wp-content\/uploads\/2017\/06\/AuMaugustes-image1-300x225.jpg 300w, https:\/\/auvergne-musicotherapie.fr\/wp-content\/uploads\/2017\/06\/AuMaugustes-image1-768x576.jpg 768w, https:\/\/auvergne-musicotherapie.fr\/wp-content\/uploads\/2017\/06\/AuMaugustes-image1-507x380.jpg 507w, https:\/\/auvergne-musicotherapie.fr\/wp-content\/uploads\/2017\/06\/AuMaugustes-image1.jpg 2016w\" sizes=\"(max-width: 620px) 100vw, 620px\" \/>\n\t\t\t<\/dt><\/dl><dl class='gallery-item'>\n\t\t\t<dt class='gallery-icon landscape'>\n\t\t\t\t<img width=\"620\" height=\"465\" src=\"https:\/\/auvergne-musicotherapie.fr\/wp-content\/uploads\/2017\/06\/AuM-augustesimage5.JPGimage6.JPGimage2-1024x768.jpg\" class=\"attachment-large size-large\" alt=\"\" decoding=\"async\" loading=\"lazy\" srcset=\"https:\/\/auvergne-musicotherapie.fr\/wp-content\/uploads\/2017\/06\/AuM-augustesimage5.JPGimage6.JPGimage2-1024x768.jpg 1024w, https:\/\/auvergne-musicotherapie.fr\/wp-content\/uploads\/2017\/06\/AuM-augustesimage5.JPGimage6.JPGimage2-300x225.jpg 300w, https:\/\/auvergne-musicotherapie.fr\/wp-content\/uploads\/2017\/06\/AuM-augustesimage5.JPGimage6.JPGimage2-768x576.jpg 768w, https:\/\/auvergne-musicotherapie.fr\/wp-content\/uploads\/2017\/06\/AuM-augustesimage5.JPGimage6.JPGimage2-507x380.jpg 507w, https:\/\/auvergne-musicotherapie.fr\/wp-content\/uploads\/2017\/06\/AuM-augustesimage5.JPGimage6.JPGimage2.jpg 2016w\" sizes=\"(max-width: 620px) 100vw, 620px\" \/>\n\t\t\t<\/dt><\/dl><dl class='gallery-item'>\n\t\t\t<dt class='gallery-icon landscape'>\n\t\t\t\t<img width=\"620\" height=\"465\" src=\"https:\/\/auvergne-musicotherapie.fr\/wp-content\/uploads\/2017\/06\/AuM-augustesimage5.JPGimage7.JPGimage1-1024x768.jpg\" class=\"attachment-large size-large\" alt=\"\" decoding=\"async\" loading=\"lazy\" srcset=\"https:\/\/auvergne-musicotherapie.fr\/wp-content\/uploads\/2017\/06\/AuM-augustesimage5.JPGimage7.JPGimage1-1024x768.jpg 1024w, https:\/\/auvergne-musicotherapie.fr\/wp-content\/uploads\/2017\/06\/AuM-augustesimage5.JPGimage7.JPGimage1-300x225.jpg 300w, https:\/\/auvergne-musicotherapie.fr\/wp-content\/uploads\/2017\/06\/AuM-augustesimage5.JPGimage7.JPGimage1-768x576.jpg 768w, https:\/\/auvergne-musicotherapie.fr\/wp-content\/uploads\/2017\/06\/AuM-augustesimage5.JPGimage7.JPGimage1-507x380.jpg 507w, https:\/\/auvergne-musicotherapie.fr\/wp-content\/uploads\/2017\/06\/AuM-augustesimage5.JPGimage7.JPGimage1.jpg 2016w\" sizes=\"(max-width: 620px) 100vw, 620px\" \/>\n\t\t\t<\/dt><\/dl><br style=\"clear: both\" \/>\n\t\t<\/div>\n\n<div id='gallery-2' class='gallery galleryid-179 gallery-columns-2 gallery-size-large'><dl class='gallery-item'>\n\t\t\t<dt class='gallery-icon landscape'>\n\t\t\t\t<img width=\"620\" height=\"465\" src=\"https:\/\/auvergne-musicotherapie.fr\/wp-content\/uploads\/2017\/06\/AuM-augustesimage3-1024x768.jpg\" class=\"attachment-large size-large\" alt=\"\" decoding=\"async\" loading=\"lazy\" srcset=\"https:\/\/auvergne-musicotherapie.fr\/wp-content\/uploads\/2017\/06\/AuM-augustesimage3-1024x768.jpg 1024w, https:\/\/auvergne-musicotherapie.fr\/wp-content\/uploads\/2017\/06\/AuM-augustesimage3-300x225.jpg 300w, https:\/\/auvergne-musicotherapie.fr\/wp-content\/uploads\/2017\/06\/AuM-augustesimage3-768x576.jpg 768w, https:\/\/auvergne-musicotherapie.fr\/wp-content\/uploads\/2017\/06\/AuM-augustesimage3-507x380.jpg 507w, https:\/\/auvergne-musicotherapie.fr\/wp-content\/uploads\/2017\/06\/AuM-augustesimage3.jpg 2016w\" sizes=\"(max-width: 620px) 100vw, 620px\" \/>\n\t\t\t<\/dt><\/dl><dl class='gallery-item'>\n\t\t\t<dt class='gallery-icon landscape'>\n\t\t\t\t<img width=\"620\" height=\"465\" src=\"https:\/\/auvergne-musicotherapie.fr\/wp-content\/uploads\/2017\/06\/AuM-augustesimage2-1024x768.jpg\" class=\"attachment-large size-large\" alt=\"\" decoding=\"async\" loading=\"lazy\" srcset=\"https:\/\/auvergne-musicotherapie.fr\/wp-content\/uploads\/2017\/06\/AuM-augustesimage2-1024x768.jpg 1024w, https:\/\/auvergne-musicotherapie.fr\/wp-content\/uploads\/2017\/06\/AuM-augustesimage2-300x225.jpg 300w, https:\/\/auvergne-musicotherapie.fr\/wp-content\/uploads\/2017\/06\/AuM-augustesimage2-768x576.jpg 768w, https:\/\/auvergne-musicotherapie.fr\/wp-content\/uploads\/2017\/06\/AuM-augustesimage2-507x380.jpg 507w, https:\/\/auvergne-musicotherapie.fr\/wp-content\/uploads\/2017\/06\/AuM-augustesimage2.jpg 2016w\" sizes=\"(max-width: 620px) 100vw, 620px\" \/>\n\t\t\t<\/dt><\/dl><br style=\"clear: both\" \/>\n\t\t<\/div>\n\n<div id=\"attachment_202\" style=\"width: 630px\" class=\"wp-caption aligncenter\"><img aria-describedby=\"caption-attachment-202\" decoding=\"async\" loading=\"lazy\" class=\"wp-image-202 size-large\" src=\"http:\/\/auvergne-musicotherapie.fr\/wp-content\/uploads\/2017\/06\/IMG_1442-1024x486.jpg\" alt=\"\" width=\"620\" height=\"294\" srcset=\"https:\/\/auvergne-musicotherapie.fr\/wp-content\/uploads\/2017\/06\/IMG_1442-1024x486.jpg 1024w, https:\/\/auvergne-musicotherapie.fr\/wp-content\/uploads\/2017\/06\/IMG_1442-300x143.jpg 300w, https:\/\/auvergne-musicotherapie.fr\/wp-content\/uploads\/2017\/06\/IMG_1442-768x365.jpg 768w, https:\/\/auvergne-musicotherapie.fr\/wp-content\/uploads\/2017\/06\/IMG_1442-800x380.jpg 800w\" sizes=\"(max-width: 620px) 100vw, 620px\" \/><p id=\"caption-attachment-202\" class=\"wp-caption-text\">Au Caf\u00e9 des Augustes, Qu&rsquo;est ce que la Musicoth\u00e9rapie? 06\/06\/2017<\/p><\/div>\n","protected":false},"excerpt":{"rendered":"<p>RENCONTRE-CONFERENCE Qu&rsquo;est-ce que la musicoth\u00e9rapie? Pr\u00e9sentation des m\u00e9thodes et applications. Petite initiation pratique et \u00e9changes. mardi 6 juin \u00e0 20h30-22h30 Rencontre sur la musicoth\u00e9rapie au Caf\u00e9 des Augustes Une vingtaine de personnes s&rsquo;installent un verre ou une tasse \u00e0 la main dans les canap\u00e9s confortables du Caf\u00e9 des Augustes \u00e0 Clermont-Ferrand pour participer \u00e0 une &hellip; <a href=\"https:\/\/auvergne-musicotherapie.fr\/index.php\/2017\/04\/18\/rencontre-conference-quest-ce-que-la-musicotherapie\/\" class=\"more-link\">Lire la suite <span class=\"screen-reader-text\">RENCONTRE -CONF\u00c9RENCE Qu&rsquo;est-ce que la musicoth\u00e9rapie?<\/span><\/a><\/p>\n","protected":false},"author":1,"featured_media":0,"comment_status":"open","ping_status":"open","sticky":false,"template":"","format":"standard","meta":[],"categories":[4],"tags":[],"jetpack_featured_media_url":"","_links":{"self":[{"href":"https:\/\/auvergne-musicotherapie.fr\/index.php\/wp-json\/wp\/v2\/posts\/179"}],"collection":[{"href":"https:\/\/auvergne-musicotherapie.fr\/index.php\/wp-json\/wp\/v2\/posts"}],"about":[{"href":"https:\/\/auvergne-musicotherapie.fr\/index.php\/wp-json\/wp\/v2\/types\/post"}],"author":[{"embeddable":true,"href":"https:\/\/auvergne-musicotherapie.fr\/index.php\/wp-json\/wp\/v2\/users\/1"}],"replies":[{"embeddable":true,"href":"https:\/\/auvergne-musicotherapie.fr\/index.php\/wp-json\/wp\/v2\/comments?post=179"}],"version-history":[{"count":10,"href":"https:\/\/auvergne-musicotherapie.fr\/index.php\/wp-json\/wp\/v2\/posts\/179\/revisions"}],"predecessor-version":[{"id":274,"href":"https:\/\/auvergne-musicotherapie.fr\/index.php\/wp-json\/wp\/v2\/posts\/179\/revisions\/274"}],"wp:attachment":[{"href":"https:\/\/auvergne-musicotherapie.fr\/index.php\/wp-json\/wp\/v2\/media?parent=179"}],"wp:term":[{"taxonomy":"category","embeddable":true,"href":"https:\/\/auvergne-musicotherapie.fr\/index.php\/wp-json\/wp\/v2\/categories?post=179"},{"taxonomy":"post_tag","embeddable":true,"href":"https:\/\/auvergne-musicotherapie.fr\/index.php\/wp-json\/wp\/v2\/tags?post=179"}],"curies":[{"name":"wp","href":"https:\/\/api.w.org\/{rel}","templated":true}]}}