{"id":366,"date":"2020-01-27T18:41:13","date_gmt":"2020-01-27T17:41:13","guid":{"rendered":"http:\/\/auvergne-musicotherapie.fr\/?p=366"},"modified":"2020-01-27T18:55:45","modified_gmt":"2020-01-27T17:55:45","slug":"musicotherapie-parent-bebe-dans-la-montagne","status":"publish","type":"post","link":"https:\/\/auvergne-musicotherapie.fr\/index.php\/2020\/01\/27\/musicotherapie-parent-bebe-dans-la-montagne\/","title":{"rendered":"MUSICOTH\u00c9RAPIE AVEC B\u00c9B\u00c9S, d\u00e9cembre 2019"},"content":{"rendered":"<p><img decoding=\"async\" loading=\"lazy\" class=\"alignnone size-full wp-image-367\" src=\"http:\/\/auvergne-musicotherapie.fr\/wp-content\/uploads\/2020\/01\/article-la-maison-da-cote-decembre-2019.jpg\" alt=\"\" width=\"2512\" height=\"3484\" srcset=\"https:\/\/auvergne-musicotherapie.fr\/wp-content\/uploads\/2020\/01\/article-la-maison-da-cote-decembre-2019.jpg 2512w, https:\/\/auvergne-musicotherapie.fr\/wp-content\/uploads\/2020\/01\/article-la-maison-da-cote-decembre-2019-216x300.jpg 216w, https:\/\/auvergne-musicotherapie.fr\/wp-content\/uploads\/2020\/01\/article-la-maison-da-cote-decembre-2019-768x1065.jpg 768w, https:\/\/auvergne-musicotherapie.fr\/wp-content\/uploads\/2020\/01\/article-la-maison-da-cote-decembre-2019-738x1024.jpg 738w, https:\/\/auvergne-musicotherapie.fr\/wp-content\/uploads\/2020\/01\/article-la-maison-da-cote-decembre-2019-274x380.jpg 274w\" sizes=\"(max-width: 2512px) 100vw, 2512px\" \/><\/p>\n","protected":false},"excerpt":{"rendered":"","protected":false},"author":1,"featured_media":0,"comment_status":"open","ping_status":"open","sticky":false,"template":"","format":"standard","meta":[],"categories":[4,3],"tags":[],"jetpack_featured_media_url":"","_links":{"self":[{"href":"https:\/\/auvergne-musicotherapie.fr\/index.php\/wp-json\/wp\/v2\/posts\/366"}],"collection":[{"href":"https:\/\/auvergne-musicotherapie.fr\/index.php\/wp-json\/wp\/v2\/posts"}],"about":[{"href":"https:\/\/auvergne-musicotherapie.fr\/index.php\/wp-json\/wp\/v2\/types\/post"}],"author":[{"embeddable":true,"href":"https:\/\/auvergne-musicotherapie.fr\/index.php\/wp-json\/wp\/v2\/users\/1"}],"replies":[{"embeddable":true,"href":"https:\/\/auvergne-musicotherapie.fr\/index.php\/wp-json\/wp\/v2\/comments?post=366"}],"version-history":[{"count":3,"href":"https:\/\/auvergne-musicotherapie.fr\/index.php\/wp-json\/wp\/v2\/posts\/366\/revisions"}],"predecessor-version":[{"id":373,"href":"https:\/\/auvergne-musicotherapie.fr\/index.php\/wp-json\/wp\/v2\/posts\/366\/revisions\/373"}],"wp:attachment":[{"href":"https:\/\/auvergne-musicotherapie.fr\/index.php\/wp-json\/wp\/v2\/media?parent=366"}],"wp:term":[{"taxonomy":"category","embeddable":true,"href":"https:\/\/auvergne-musicotherapie.fr\/index.php\/wp-json\/wp\/v2\/categories?post=366"},{"taxonomy":"post_tag","embeddable":true,"href":"https:\/\/auvergne-musicotherapie.fr\/index.php\/wp-json\/wp\/v2\/tags?post=366"}],"curies":[{"name":"wp","href":"https:\/\/api.w.org\/{rel}","templated":true}]}}